{"id":6975,"date":"2020-09-03T15:38:29","date_gmt":"2020-09-03T13:38:29","guid":{"rendered":"https:\/\/glazbena.hr\/?p=6975"},"modified":"2020-09-06T22:58:05","modified_gmt":"2020-09-06T20:58:05","slug":"upute-o-realizaciji-nastave-u-glazbenoj-skoli-u-varazdinu","status":"publish","type":"post","link":"https:\/\/glazbena.hr\/gb\/legal-information\/upute-o-realizaciji-nastave-u-glazbenoj-skoli-u-varazdinu\/","title":{"rendered":"Upute o realizaciji nastave u Glazbenoj \u0161koli u Vara\u017edinu"},"content":{"rendered":"<p>Po\u0161tovani roditelji, u\u010denici i zaposlenici Glazbene \u0161kole u Vara\u017edinu, u nastavku se nalaze detaljne upute o realizaciji nastave u Glazbenoj \u0161koli u Vara\u017edinu u \u0161kolskoj godini 2020.\/2021., a unutar njih nalazi se i raspored za prvi tjedan nastave.<\/p>\n<p><a href=\"https:\/\/glazbena.hr\/wp-content\/uploads\/2020\/09\/Klavir-raspored-u\u010denika-1.r.-osnovne-glazbene-\u0161kole.pdf\">Klavir &#8211; raspored u\u010denika 1. razred osnovne glazbene \u0161kole<\/a><\/p>\n<p><a href=\"https:\/\/glazbena.hr\/wp-content\/uploads\/2020\/09\/Odjel-za-guda\u010dke-instrumente-popis-novoupisanih-u\u010denika-u-o.\u0161.-i-s.\u0161.-\u0161k.-god.2020-2021.pdf\">Odjel za guda\u010dke instrumente- popis novoupisanih u\u010denika u o.\u0161. i s.\u0161. &#8211; \u0161k. god.2020-2021<\/a><\/p>\n<p><a href=\"https:\/\/glazbena.hr\/wp-content\/uploads\/2020\/09\/Odjel-za-puha\u010dke-instrumente-raspored-novoupisanih-u\u010denika.pdf\">Odjel za puha\u010dke instrumente &#8211; raspored novoupisanih u\u010denika<\/a><\/p>\n<p><a href=\"https:\/\/glazbena.hr\/wp-content\/uploads\/2020\/09\/Odjel-za-solo-pjevanje-popis-novoupisanih-u\u010denika.pdf\">Odjel za solo pjevanje &#8211; popis novoupisanih u\u010denika<\/a><\/p>\n<p><a href=\"https:\/\/glazbena.hr\/wp-content\/uploads\/2020\/09\/Odjel-za-harmoniku-orgulje-i-udaraljke-popis-novoupisanih-u\u010denika.pdf\">Odjel za harmoniku, orgulje i udaraljke &#8211; popis novoupisanih u\u010denika<\/a><\/p>\n<p><a href=\"https:\/\/glazbena.hr\/wp-content\/uploads\/2020\/09\/Odjel-za-klavir-popis-novoupisanih-u\u010denika-klavir-za-teoreti\u010dare-i-obligatni-klavir.pdf\">Odjel za klavir &#8211; popis novoupisanih u\u010denika &#8211; klavir za teoreti\u010dare i obligatni klavir<\/a><\/p>\n<p><a href=\"https:\/\/glazbena.hr\/wp-content\/uploads\/2020\/09\/Raspored-op\u0107eobrazovne-nastave-za-\u0161kolsku-godinu-2020.-2021..pdf\">Raspored op\u0107eobrazovne nastave za \u0161kolsku godinu 2020. &#8211; 2021.<\/a><\/p>\n<p><a href=\"https:\/\/glazbena.hr\/wp-content\/uploads\/2020\/09\/Upute-o-realizaciji-nastave-2020.-2021..pdf\">Upute o realizaciji nastave 2020.-2021.<\/a><\/p>\n<p><a href=\"https:\/\/glazbena.hr\/wp-content\/uploads\/2020\/09\/Prvi-tjedan-nastave-pred\u0161kolsko-obrazovanje-scaled.jpg\"><img loading=\"lazy\" decoding=\"async\" class=\"alignnone wp-image-6978 size-medium\" src=\"https:\/\/glazbena.hr\/wp-content\/uploads\/2020\/09\/Prvi-tjedan-nastave-pred\u0161kolsko-obrazovanje-212x300.jpg\" alt=\"\" width=\"212\" height=\"300\" srcset=\"https:\/\/glazbena.hr\/wp-content\/uploads\/2020\/09\/Prvi-tjedan-nastave-pred\u0161kolsko-obrazovanje-212x300.jpg 212w, https:\/\/glazbena.hr\/wp-content\/uploads\/2020\/09\/Prvi-tjedan-nastave-pred\u0161kolsko-obrazovanje-724x1024.jpg 724w, https:\/\/glazbena.hr\/wp-content\/uploads\/2020\/09\/Prvi-tjedan-nastave-pred\u0161kolsko-obrazovanje-768x1086.jpg 768w, https:\/\/glazbena.hr\/wp-content\/uploads\/2020\/09\/Prvi-tjedan-nastave-pred\u0161kolsko-obrazovanje-1086x1536.jpg 1086w, https:\/\/glazbena.hr\/wp-content\/uploads\/2020\/09\/Prvi-tjedan-nastave-pred\u0161kolsko-obrazovanje-1448x2048.jpg 1448w, https:\/\/glazbena.hr\/wp-content\/uploads\/2020\/09\/Prvi-tjedan-nastave-pred\u0161kolsko-obrazovanje-scaled.jpg 1810w\" sizes=\"auto, (max-width: 212px) 100vw, 212px\" \/><\/a> \u00a0 \u00a0 \u00a0 <a href=\"https:\/\/glazbena.hr\/wp-content\/uploads\/2020\/09\/Prvi-tjedan-nastave-osnovna-glazbena-\u0161kola-scaled.jpg\"><img loading=\"lazy\" decoding=\"async\" class=\"alignnone wp-image-6980 size-medium\" src=\"https:\/\/glazbena.hr\/wp-content\/uploads\/2020\/09\/Prvi-tjedan-nastave-osnovna-glazbena-\u0161kola-212x300.jpg\" alt=\"\" width=\"212\" height=\"300\" srcset=\"https:\/\/glazbena.hr\/wp-content\/uploads\/2020\/09\/Prvi-tjedan-nastave-osnovna-glazbena-\u0161kola-212x300.jpg 212w, https:\/\/glazbena.hr\/wp-content\/uploads\/2020\/09\/Prvi-tjedan-nastave-osnovna-glazbena-\u0161kola-724x1024.jpg 724w, https:\/\/glazbena.hr\/wp-content\/uploads\/2020\/09\/Prvi-tjedan-nastave-osnovna-glazbena-\u0161kola-768x1086.jpg 768w, https:\/\/glazbena.hr\/wp-content\/uploads\/2020\/09\/Prvi-tjedan-nastave-osnovna-glazbena-\u0161kola-1086x1536.jpg 1086w, https:\/\/glazbena.hr\/wp-content\/uploads\/2020\/09\/Prvi-tjedan-nastave-osnovna-glazbena-\u0161kola-1448x2048.jpg 1448w, https:\/\/glazbena.hr\/wp-content\/uploads\/2020\/09\/Prvi-tjedan-nastave-osnovna-glazbena-\u0161kola-scaled.jpg 1810w\" sizes=\"auto, (max-width: 212px) 100vw, 212px\" \/><\/a>\u00a0 <a href=\"https:\/\/glazbena.hr\/wp-content\/uploads\/2020\/09\/Prvi-tjedan-nastave-podru\u010dni-odjeli-scaled.jpg\"><img loading=\"lazy\" decoding=\"async\" class=\"alignnone wp-image-6979 size-medium\" src=\"https:\/\/glazbena.hr\/wp-content\/uploads\/2020\/09\/Prvi-tjedan-nastave-podru\u010dni-odjeli-212x300.jpg\" alt=\"\" width=\"212\" height=\"300\" srcset=\"https:\/\/glazbena.hr\/wp-content\/uploads\/2020\/09\/Prvi-tjedan-nastave-podru\u010dni-odjeli-212x300.jpg 212w, https:\/\/glazbena.hr\/wp-content\/uploads\/2020\/09\/Prvi-tjedan-nastave-podru\u010dni-odjeli-724x1024.jpg 724w, https:\/\/glazbena.hr\/wp-content\/uploads\/2020\/09\/Prvi-tjedan-nastave-podru\u010dni-odjeli-768x1086.jpg 768w, https:\/\/glazbena.hr\/wp-content\/uploads\/2020\/09\/Prvi-tjedan-nastave-podru\u010dni-odjeli-1086x1536.jpg 1086w, https:\/\/glazbena.hr\/wp-content\/uploads\/2020\/09\/Prvi-tjedan-nastave-podru\u010dni-odjeli-1448x2048.jpg 1448w, https:\/\/glazbena.hr\/wp-content\/uploads\/2020\/09\/Prvi-tjedan-nastave-podru\u010dni-odjeli-scaled.jpg 1810w\" sizes=\"auto, (max-width: 212px) 100vw, 212px\" \/><\/a> \u00a0 \u00a0<a href=\"https:\/\/glazbena.hr\/wp-content\/uploads\/2020\/09\/Prvi-tjedan-nastave-srednja-glazbena-\u0161kola-scaled.jpg\">\u00a0<\/a><a href=\"https:\/\/glazbena.hr\/wp-content\/uploads\/2020\/09\/Prvi-tjedan-nastave-srednja-glazbena-\u0161kola-scaled.jpg\"><img loading=\"lazy\" decoding=\"async\" class=\"alignnone wp-image-6977 size-medium\" src=\"https:\/\/glazbena.hr\/wp-content\/uploads\/2020\/09\/Prvi-tjedan-nastave-srednja-glazbena-\u0161kola-212x300.jpg\" alt=\"\" width=\"212\" height=\"300\" srcset=\"https:\/\/glazbena.hr\/wp-content\/uploads\/2020\/09\/Prvi-tjedan-nastave-srednja-glazbena-\u0161kola-212x300.jpg 212w, https:\/\/glazbena.hr\/wp-content\/uploads\/2020\/09\/Prvi-tjedan-nastave-srednja-glazbena-\u0161kola-724x1024.jpg 724w, https:\/\/glazbena.hr\/wp-content\/uploads\/2020\/09\/Prvi-tjedan-nastave-srednja-glazbena-\u0161kola-768x1086.jpg 768w, https:\/\/glazbena.hr\/wp-content\/uploads\/2020\/09\/Prvi-tjedan-nastave-srednja-glazbena-\u0161kola-1086x1536.jpg 1086w, https:\/\/glazbena.hr\/wp-content\/uploads\/2020\/09\/Prvi-tjedan-nastave-srednja-glazbena-\u0161kola-1448x2048.jpg 1448w, https:\/\/glazbena.hr\/wp-content\/uploads\/2020\/09\/Prvi-tjedan-nastave-srednja-glazbena-\u0161kola-scaled.jpg 1810w\" sizes=\"auto, (max-width: 212px) 100vw, 212px\" \/><\/a><\/p>\n","protected":false},"excerpt":{"rendered":"<p>Po\u0161tovani roditelji, u\u010denici i zaposlenici Glazbene \u0161kole u Vara\u017edinu, u nastavku se nalaze detaljne upute o realizaciji nastave u Glazbenoj \u0161koli u Vara\u017edinu u \u0161kolskoj godini 2020.\/2021., a unutar njih nalazi se i raspored za prvi tjedan nastave. Klavir &#8211; raspored u\u010denika 1. razred osnovne glazbene \u0161kole Odjel za guda\u010dke instrumente- popis novoupisanih u\u010denika u [&hellip;]<\/p>\n","protected":false},"author":5,"featured_media":0,"comment_status":"closed","ping_status":"closed","sticky":false,"template":"","format":"standard","meta":{"footnotes":""},"categories":[67,76],"tags":[],"class_list":["post-6975","post","type-post","status-publish","format-standard","hentry","category-informacije","category-za-ucenike"],"translation":{"provider":"WPGlobus","version":"3.0.0","language":"gb","enabled_languages":["hr","gb"],"languages":{"hr":{"title":true,"content":true,"excerpt":false},"gb":{"title":false,"content":false,"excerpt":false}}},"_links":{"self":[{"href":"https:\/\/glazbena.hr\/gb\/wp-json\/wp\/v2\/posts\/6975","targetHints":{"allow":["GET"]}}],"collection":[{"href":"https:\/\/glazbena.hr\/gb\/wp-json\/wp\/v2\/posts"}],"about":[{"href":"https:\/\/glazbena.hr\/gb\/wp-json\/wp\/v2\/types\/post"}],"author":[{"embeddable":true,"href":"https:\/\/glazbena.hr\/gb\/wp-json\/wp\/v2\/users\/5"}],"replies":[{"embeddable":true,"href":"https:\/\/glazbena.hr\/gb\/wp-json\/wp\/v2\/comments?post=6975"}],"version-history":[{"count":1,"href":"https:\/\/glazbena.hr\/gb\/wp-json\/wp\/v2\/posts\/6975\/revisions"}],"predecessor-version":[{"id":16042,"href":"https:\/\/glazbena.hr\/gb\/wp-json\/wp\/v2\/posts\/6975\/revisions\/16042"}],"wp:attachment":[{"href":"https:\/\/glazbena.hr\/gb\/wp-json\/wp\/v2\/media?parent=6975"}],"wp:term":[{"taxonomy":"category","embeddable":true,"href":"https:\/\/glazbena.hr\/gb\/wp-json\/wp\/v2\/categories?post=6975"},{"taxonomy":"post_tag","embeddable":true,"href":"https:\/\/glazbena.hr\/gb\/wp-json\/wp\/v2\/tags?post=6975"}],"curies":[{"name":"wp","href":"https:\/\/api.w.org\/{rel}","templated":true}]}}