{"id":7000,"date":"2020-09-05T14:37:33","date_gmt":"2020-09-05T12:37:33","guid":{"rendered":"https:\/\/glazbena.hr\/?p=7000"},"modified":"2020-09-05T14:37:33","modified_gmt":"2020-09-05T12:37:33","slug":"prijevoz-ucenika-srednja-glazbena-skola","status":"publish","type":"post","link":"https:\/\/glazbena.hr\/gb\/legal-information\/prijevoz-ucenika-srednja-glazbena-skola\/","title":{"rendered":"Prijevoz u\u010denika &#8211; srednja glazbena \u0161kola"},"content":{"rendered":"<p><strong>Sufinancirane u\u010deni\u010dke pretplatne i priklju\u010dne karte za rujan 2020.<\/strong><\/p>\n<p>\u2022 u\u010denici srednjih \u0161kola koji imaju profil na pametnoj kartici iz \u0161kolske godine 2019.\/20. do izrade novog profila za \u0161kolsku godinu 2020.\/21. i prikupljanja potrebne dokumentacije (potvrde \u0161kole) mo\u0107i \u0107e se prevoziti na temelju postoje\u0107e pametne kartice do uklju\u010divo 20. rujna 2020.<\/p>\n<p>\u2022 u\u010denici prvih razreda ili u\u010denici koji prvi puta koriste prijevoz vlakom vozit \u0107e se bez prijevozne karte do pribavljanja potrebne dokumentacije za izradu profila pametne kartice i potvrde \u0161kole do uklju\u010divo 20. rujna 2020.<\/p>\n<p>\u2022 u\u010deni\u010dki profili na pametnim karticama ispostavljaju se s rokom valjanosti najranije od 7. rujna 2020., a vrijede do 31. kolovoza 2021.<\/p>\n<p>\u2022 sufinancirane karte ispostavljaju se kao mjese\u010dne pretplatne\/priklju\u010dne karte<\/p>\n<p><em><strong>U\u010denicima srednje glazbene \u0161kole \u0107e potvrde za prijevoz biti podijeljene na dogovoru za nastavu 7.9.2020.<\/strong><\/em><\/p>\n<p><a href=\"https:\/\/glazbena.hr\/wp-content\/uploads\/2020\/09\/Prijevoz-Autobusni-prijevoz.pdf\">Prijevoz &#8211; Autobusni prijevoz<\/a><\/p>\n<p><a href=\"https:\/\/glazbena.hr\/wp-content\/uploads\/2020\/09\/Prijevoz-u\u010denika-srednja-glazbena-\u0161kola-A-razredi.docx\">Prijevoz u\u010denika &#8211; srednja glazbena \u0161kola &#8211; A razredi<\/a><\/p>\n","protected":false},"excerpt":{"rendered":"<p>Sufinancirane u\u010deni\u010dke pretplatne i priklju\u010dne karte za rujan 2020. \u2022 u\u010denici srednjih \u0161kola koji imaju profil na pametnoj kartici iz \u0161kolske godine 2019.\/20. do izrade novog profila za \u0161kolsku godinu 2020.\/21. i prikupljanja potrebne dokumentacije (potvrde \u0161kole) mo\u0107i \u0107e se prevoziti na temelju postoje\u0107e pametne kartice do uklju\u010divo 20. rujna 2020. \u2022 u\u010denici prvih razreda [&hellip;]<\/p>\n","protected":false},"author":5,"featured_media":0,"comment_status":"closed","ping_status":"closed","sticky":false,"template":"","format":"standard","meta":{"footnotes":""},"categories":[67,76],"tags":[],"class_list":["post-7000","post","type-post","status-publish","format-standard","hentry","category-informacije","category-za-ucenike"],"translation":{"provider":"WPGlobus","version":"3.0.0","language":"gb","enabled_languages":["hr","gb"],"languages":{"hr":{"title":true,"content":true,"excerpt":false},"gb":{"title":false,"content":false,"excerpt":false}}},"_links":{"self":[{"href":"https:\/\/glazbena.hr\/gb\/wp-json\/wp\/v2\/posts\/7000","targetHints":{"allow":["GET"]}}],"collection":[{"href":"https:\/\/glazbena.hr\/gb\/wp-json\/wp\/v2\/posts"}],"about":[{"href":"https:\/\/glazbena.hr\/gb\/wp-json\/wp\/v2\/types\/post"}],"author":[{"embeddable":true,"href":"https:\/\/glazbena.hr\/gb\/wp-json\/wp\/v2\/users\/5"}],"replies":[{"embeddable":true,"href":"https:\/\/glazbena.hr\/gb\/wp-json\/wp\/v2\/comments?post=7000"}],"version-history":[{"count":0,"href":"https:\/\/glazbena.hr\/gb\/wp-json\/wp\/v2\/posts\/7000\/revisions"}],"wp:attachment":[{"href":"https:\/\/glazbena.hr\/gb\/wp-json\/wp\/v2\/media?parent=7000"}],"wp:term":[{"taxonomy":"category","embeddable":true,"href":"https:\/\/glazbena.hr\/gb\/wp-json\/wp\/v2\/categories?post=7000"},{"taxonomy":"post_tag","embeddable":true,"href":"https:\/\/glazbena.hr\/gb\/wp-json\/wp\/v2\/tags?post=7000"}],"curies":[{"name":"wp","href":"https:\/\/api.w.org\/{rel}","templated":true}]}}