{"id":7094,"date":"2020-09-27T13:25:22","date_gmt":"2020-09-27T11:25:22","guid":{"rendered":"https:\/\/glazbena.hr\/?p=7094"},"modified":"2020-09-27T13:25:22","modified_gmt":"2020-09-27T11:25:22","slug":"nastup-ucenika-na-50-varazdinskim-baroknim-vecerima","status":"publish","type":"post","link":"https:\/\/glazbena.hr\/gb\/activity\/nastup-ucenika-na-50-varazdinskim-baroknim-vecerima\/","title":{"rendered":"Nastup u\u010denika na 50. Vara\u017edinskim baroknim ve\u010derima"},"content":{"rendered":"<p>Tradicionalnim koncertom u\u010denika Glazbene \u0161kole u Vara\u017edinu uz Vara\u017edinski komorni orkestar i ove se godine nastavila dugogodi\u0161nja uspje\u0161na suradnja Vara\u017edinskih baroknih ve\u010deri sa jednom od najstarijih glazbenih \u0161kola u ovom dijelu Europe. Tia Gali\u0107, Matej Ratkovi\u0107, Dora Rebernik, Ivan Juranko, Dora Strelec, Eva Bar\u010dot, Petar Poljak, Niko Bo\u017eek, Klara Bla\u017eunaj, Lara \u0160ac, Ana-Maria Hrgar, Ema Kova\u010di\u0107, Darija Gazdek, Lovro \u0160tefan, Maria Horvati\u0107, Antonija Feren\u010dina i Franjo Novak uspje\u0161no su uz pomo\u0107 svojih mentora polo\u017eili audiciju i dobili priliku ove godine nastupiti na jubilarnim 50. Vara\u017edinskim baroknim ve\u010derima.<br \/>\nU velikoj koncertnoj dvorani Hrvatskog narodnog kazali\u0161ta u Vara\u017edinu pred brojnom publikom predstavili su se u\u010denici \u0161kole, osnovno\u0161kolci i srednjo\u0161kolci, pokazav\u0161i svoje glazbeno umije\u0107e i talent izvode\u0107i djela baroknih majstora. Na koncertu su se predstavili u\u010denici koji su uspje\u0161no pro\u0161li audiciju u vara\u017edinskoj Glazbenoj \u0161koli, od kojih su neki ve\u0107 nastupili na natjecanjima, ali i oni koji su po prvi puta iza\u0161li pred brojnu publiku. Mladi su glazbenici istaknuli kako im nije bilo te\u0161ko pripremati se za audiciju i za vrijeme ljetnih praznika, jer \u0161to su uvje\u017ebali trebali su pred stru\u010dnim povjerenstvom pokazati ve\u0107 na po\u010detku nove \u0161kolske godine. Ove godine nastup na festivalu mladim je talentima bio od dodatnog zna\u010daja, s obzirom da su zbog trenutne epidemiolo\u0161ke situacije u zemlji i svijetu bili uskra\u0107eni za nastupe na natjecanjima i koncertima na koje su tokom svog \u0161kolovanja bili naviknuti. \u201eNastupiti uz orkestar san je svakog glazbenika, a Glazbena \u0161kola u Vara\u017edinu to omogu\u0107ava dva puta godi\u0161nje svojim u\u010denicima, \u0161to je zapravo raritet i mnogo nas nije kroz djetinjstvo imalo tu prigodu. Ovi su mladi talenti vara\u017edinske Glazbene \u0161kole jo\u0161 jednom pokazali kako su zasigurno zalog za budu\u0107nost da Vara\u017edin i dalje bude grad glazbe i baroka\u201c, naglasio je \u0161ef Vara\u017edinskog komornog orkestra Kre\u0161imir Lazar. &#8220;Velika je \u010dast i u\u010denicima i nama kao \u0161koli \u0161to upravo festival svjetskog glasa kakav su Vara\u017edinske barokne ve\u010deri daje mogu\u0107nost nastupa mladima koji iz Glazbene \u0161kole u Vara\u017edinu kre\u0107u na svoj glazbeni put. Nastupiti uz orkestar i na ovom festivalu poseban je u\u017eitak i zasigurno doga\u0111aj koji se pamti za cijeli \u017eivot&#8221;, istaknuo je ravnatelj Glazbene \u0161kole u Vara\u017edinu Davor Mata\u010di\u0107, \u010destitaju\u0107i i u\u010denicima i njihovim profesorima \u0161to su pripremili odli\u010dan program za 50. Vara\u017edinske barokne ve\u010deri.<\/p>\n<p>&nbsp;<\/p>\n<p><a href=\"https:\/\/glazbena.hr\/wp-content\/uploads\/2020\/09\/Koncert_nagradivanih_ucenika_GSV-41-.jpg\"><img loading=\"lazy\" decoding=\"async\" class=\"alignnone wp-image-7095 size-medium\" src=\"https:\/\/glazbena.hr\/wp-content\/uploads\/2020\/09\/Koncert_nagradivanih_ucenika_GSV-41--300x190.jpg\" alt=\"\" width=\"300\" height=\"190\" srcset=\"https:\/\/glazbena.hr\/wp-content\/uploads\/2020\/09\/Koncert_nagradivanih_ucenika_GSV-41--300x190.jpg 300w, https:\/\/glazbena.hr\/wp-content\/uploads\/2020\/09\/Koncert_nagradivanih_ucenika_GSV-41--1024x650.jpg 1024w, https:\/\/glazbena.hr\/wp-content\/uploads\/2020\/09\/Koncert_nagradivanih_ucenika_GSV-41--768x487.jpg 768w, https:\/\/glazbena.hr\/wp-content\/uploads\/2020\/09\/Koncert_nagradivanih_ucenika_GSV-41--1536x974.jpg 1536w, https:\/\/glazbena.hr\/wp-content\/uploads\/2020\/09\/Koncert_nagradivanih_ucenika_GSV-41-.jpg 1600w\" sizes=\"auto, (max-width: 300px) 100vw, 300px\" \/>\u00a0 <\/a><a href=\"https:\/\/glazbena.hr\/wp-content\/uploads\/2020\/09\/Koncert_nagradivanih_ucenika_GSV-39-.jpg\"><img loading=\"lazy\" decoding=\"async\" class=\"alignnone wp-image-7096 size-medium\" src=\"https:\/\/glazbena.hr\/wp-content\/uploads\/2020\/09\/Koncert_nagradivanih_ucenika_GSV-39--300x190.jpg\" alt=\"\" width=\"300\" height=\"190\" srcset=\"https:\/\/glazbena.hr\/wp-content\/uploads\/2020\/09\/Koncert_nagradivanih_ucenika_GSV-39--300x190.jpg 300w, https:\/\/glazbena.hr\/wp-content\/uploads\/2020\/09\/Koncert_nagradivanih_ucenika_GSV-39--1024x650.jpg 1024w, https:\/\/glazbena.hr\/wp-content\/uploads\/2020\/09\/Koncert_nagradivanih_ucenika_GSV-39--768x487.jpg 768w, https:\/\/glazbena.hr\/wp-content\/uploads\/2020\/09\/Koncert_nagradivanih_ucenika_GSV-39--1536x974.jpg 1536w, https:\/\/glazbena.hr\/wp-content\/uploads\/2020\/09\/Koncert_nagradivanih_ucenika_GSV-39-.jpg 1600w\" sizes=\"auto, (max-width: 300px) 100vw, 300px\" \/><\/a> <a href=\"https:\/\/glazbena.hr\/wp-content\/uploads\/2020\/09\/Koncert_nagradivanih_ucenika_GSV-52-.jpg\"><img loading=\"lazy\" decoding=\"async\" class=\"alignnone wp-image-7097 size-medium\" src=\"https:\/\/glazbena.hr\/wp-content\/uploads\/2020\/09\/Koncert_nagradivanih_ucenika_GSV-52--300x193.jpg\" alt=\"\" width=\"300\" height=\"193\" srcset=\"https:\/\/glazbena.hr\/wp-content\/uploads\/2020\/09\/Koncert_nagradivanih_ucenika_GSV-52--300x193.jpg 300w, https:\/\/glazbena.hr\/wp-content\/uploads\/2020\/09\/Koncert_nagradivanih_ucenika_GSV-52--1024x659.jpg 1024w, https:\/\/glazbena.hr\/wp-content\/uploads\/2020\/09\/Koncert_nagradivanih_ucenika_GSV-52--768x494.jpg 768w, https:\/\/glazbena.hr\/wp-content\/uploads\/2020\/09\/Koncert_nagradivanih_ucenika_GSV-52--1536x989.jpg 1536w, https:\/\/glazbena.hr\/wp-content\/uploads\/2020\/09\/Koncert_nagradivanih_ucenika_GSV-52-.jpg 1600w\" sizes=\"auto, (max-width: 300px) 100vw, 300px\" \/><\/a><\/p>\n<p><a href=\"https:\/\/glazbena.hr\/wp-content\/uploads\/2020\/09\/Koncert_nagradivanih_ucenika_GSV-19-.jpg\"><img loading=\"lazy\" decoding=\"async\" class=\"alignnone wp-image-7098 size-medium\" src=\"https:\/\/glazbena.hr\/wp-content\/uploads\/2020\/09\/Koncert_nagradivanih_ucenika_GSV-19--300x200.jpg\" alt=\"\" width=\"300\" height=\"200\" srcset=\"https:\/\/glazbena.hr\/wp-content\/uploads\/2020\/09\/Koncert_nagradivanih_ucenika_GSV-19--300x200.jpg 300w, https:\/\/glazbena.hr\/wp-content\/uploads\/2020\/09\/Koncert_nagradivanih_ucenika_GSV-19--1024x682.jpg 1024w, https:\/\/glazbena.hr\/wp-content\/uploads\/2020\/09\/Koncert_nagradivanih_ucenika_GSV-19--768x511.jpg 768w, https:\/\/glazbena.hr\/wp-content\/uploads\/2020\/09\/Koncert_nagradivanih_ucenika_GSV-19--1536x1022.jpg 1536w, https:\/\/glazbena.hr\/wp-content\/uploads\/2020\/09\/Koncert_nagradivanih_ucenika_GSV-19-.jpg 1600w\" sizes=\"auto, (max-width: 300px) 100vw, 300px\" \/>\u00a0\u00a0 <\/a><a href=\"https:\/\/glazbena.hr\/wp-content\/uploads\/2020\/09\/Koncert_nagradivanih_ucenika_GSV-79-.jpg\"><img loading=\"lazy\" decoding=\"async\" class=\"alignnone wp-image-7099 size-medium\" src=\"https:\/\/glazbena.hr\/wp-content\/uploads\/2020\/09\/Koncert_nagradivanih_ucenika_GSV-79--300x176.jpg\" alt=\"\" width=\"300\" height=\"176\" srcset=\"https:\/\/glazbena.hr\/wp-content\/uploads\/2020\/09\/Koncert_nagradivanih_ucenika_GSV-79--300x176.jpg 300w, https:\/\/glazbena.hr\/wp-content\/uploads\/2020\/09\/Koncert_nagradivanih_ucenika_GSV-79--1024x602.jpg 1024w, https:\/\/glazbena.hr\/wp-content\/uploads\/2020\/09\/Koncert_nagradivanih_ucenika_GSV-79--768x451.jpg 768w, https:\/\/glazbena.hr\/wp-content\/uploads\/2020\/09\/Koncert_nagradivanih_ucenika_GSV-79--1536x902.jpg 1536w, https:\/\/glazbena.hr\/wp-content\/uploads\/2020\/09\/Koncert_nagradivanih_ucenika_GSV-79-.jpg 1600w\" sizes=\"auto, (max-width: 300px) 100vw, 300px\" \/><\/a>\u00a0 <a href=\"https:\/\/glazbena.hr\/wp-content\/uploads\/2020\/09\/Koncert_nagradivanih_ucenika_GSV-65-.jpg\"><img loading=\"lazy\" decoding=\"async\" class=\"alignnone wp-image-7100 size-medium\" src=\"https:\/\/glazbena.hr\/wp-content\/uploads\/2020\/09\/Koncert_nagradivanih_ucenika_GSV-65--300x185.jpg\" alt=\"\" width=\"300\" height=\"185\" srcset=\"https:\/\/glazbena.hr\/wp-content\/uploads\/2020\/09\/Koncert_nagradivanih_ucenika_GSV-65--300x185.jpg 300w, https:\/\/glazbena.hr\/wp-content\/uploads\/2020\/09\/Koncert_nagradivanih_ucenika_GSV-65--1024x630.jpg 1024w, https:\/\/glazbena.hr\/wp-content\/uploads\/2020\/09\/Koncert_nagradivanih_ucenika_GSV-65--768x472.jpg 768w, https:\/\/glazbena.hr\/wp-content\/uploads\/2020\/09\/Koncert_nagradivanih_ucenika_GSV-65--1536x945.jpg 1536w, https:\/\/glazbena.hr\/wp-content\/uploads\/2020\/09\/Koncert_nagradivanih_ucenika_GSV-65-.jpg 1600w\" sizes=\"auto, (max-width: 300px) 100vw, 300px\" \/><\/a><\/p>\n","protected":false},"excerpt":{"rendered":"<p>Tradicionalnim koncertom u\u010denika Glazbene \u0161kole u Vara\u017edinu uz Vara\u017edinski komorni orkestar i ove se godine nastavila dugogodi\u0161nja uspje\u0161na suradnja Vara\u017edinskih baroknih ve\u010deri sa jednom od najstarijih glazbenih \u0161kola u ovom dijelu Europe. Tia Gali\u0107, Matej Ratkovi\u0107, Dora Rebernik, Ivan Juranko, Dora Strelec, Eva Bar\u010dot, Petar Poljak, Niko Bo\u017eek, Klara Bla\u017eunaj, Lara \u0160ac, Ana-Maria Hrgar, Ema [&hellip;]<\/p>\n","protected":false},"author":5,"featured_media":0,"comment_status":"closed","ping_status":"closed","sticky":false,"template":"","format":"standard","meta":{"footnotes":""},"categories":[70],"tags":[],"class_list":["post-7094","post","type-post","status-publish","format-standard","hentry","category-aktivnosti"],"translation":{"provider":"WPGlobus","version":"3.0.0","language":"gb","enabled_languages":["hr","gb"],"languages":{"hr":{"title":true,"content":true,"excerpt":false},"gb":{"title":false,"content":false,"excerpt":false}}},"_links":{"self":[{"href":"https:\/\/glazbena.hr\/gb\/wp-json\/wp\/v2\/posts\/7094","targetHints":{"allow":["GET"]}}],"collection":[{"href":"https:\/\/glazbena.hr\/gb\/wp-json\/wp\/v2\/posts"}],"about":[{"href":"https:\/\/glazbena.hr\/gb\/wp-json\/wp\/v2\/types\/post"}],"author":[{"embeddable":true,"href":"https:\/\/glazbena.hr\/gb\/wp-json\/wp\/v2\/users\/5"}],"replies":[{"embeddable":true,"href":"https:\/\/glazbena.hr\/gb\/wp-json\/wp\/v2\/comments?post=7094"}],"version-history":[{"count":0,"href":"https:\/\/glazbena.hr\/gb\/wp-json\/wp\/v2\/posts\/7094\/revisions"}],"wp:attachment":[{"href":"https:\/\/glazbena.hr\/gb\/wp-json\/wp\/v2\/media?parent=7094"}],"wp:term":[{"taxonomy":"category","embeddable":true,"href":"https:\/\/glazbena.hr\/gb\/wp-json\/wp\/v2\/categories?post=7094"},{"taxonomy":"post_tag","embeddable":true,"href":"https:\/\/glazbena.hr\/gb\/wp-json\/wp\/v2\/tags?post=7094"}],"curies":[{"name":"wp","href":"https:\/\/api.w.org\/{rel}","templated":true}]}}