{"id":7534,"date":"2020-12-14T16:56:44","date_gmt":"2020-12-14T14:56:44","guid":{"rendered":"https:\/\/glazbena.hr\/?p=7534"},"modified":"2020-12-14T16:56:44","modified_gmt":"2020-12-14T14:56:44","slug":"drzavna-smotra-gitarista","status":"publish","type":"post","link":"https:\/\/glazbena.hr\/gb\/events\/drzavna-smotra-gitarista\/","title":{"rendered":"Dr\u017eavna smotra gitarista"},"content":{"rendered":"<p>Glazbena \u0161kola u Vara\u017edinu organizira Dr\u017eavnu smotru gitarista u utorak i srijedu, 15. i 16. prosinca 2020. Na Smotri \u0107e, kao solisti ili kao \u010dlanovi komornih ansambala, sudjelovati vi\u0161e od 100 mladih gitarista \u2013 u\u010denika osnovnih i srednjih glazbenih \u0161kola iz cijele Republike Hrvatske, koji su prethodno uspje\u0161no polo\u017eili audiciju na svojoj glazbenoj \u0161koli.<br \/>\nPredsjednik organizacijskog odbora Dr\u017eavne smotre gitarista, Moreno Vincekovi\u0107, prof. mentor isti\u010de kako je ovo jedinstveni poduhvat u glazbenom \u0161kolstvu Republike Hrvatske, jer \u0107e se po prvi puta cijela Dr\u017eavna smotra gitarista odvijati online, interaktivno, u realnom vremenu na platformi Zoom, te \u0107e, osim u\u010denicima i njihovim nastavnicima biti dostupna i svim gra\u0111anima.<br \/>\nU okviru Dr\u017eavne smotre gitarista bit \u0107e odr\u017eano \u0161est koncerata, svaki u trajanju od 90 minuta, a Smotru \u0107e prema procjenama organizatora u svakom trenutku pratiti vi\u0161e stotina ljudi \u2013 nastavnici, roditelji, rodbina i prijatelji izvo\u0111a\u010da, te zaljubljenici u klasi\u010dnu gitaru iz cijele zemlje. Dr\u017eavnu smotru otvorit \u0107e ravnatelj Glazbene \u0161kole u Vara\u017edinu, mr. sc. Davor Mata\u010di\u0107 koji \u0107e se svim sudionicima obratiti i s nekoliko prigodnih rije\u010di.<br \/>\nPozivamo sve ljubitelje klasi\u010dne gitare da podr\u017ee ovaj jedinstveni projekt i budu podr\u0161ka na\u0161im mladim umjetnicima dolaskom na platformu Zoom, ID: 7978186565, Pass: 1234 u utorak i srijedu od 16.00 \u2013 20.30 sati.<\/p>\n","protected":false},"excerpt":{"rendered":"<p>Glazbena \u0161kola u Vara\u017edinu organizira Dr\u017eavnu smotru gitarista u utorak i srijedu, 15. i 16. prosinca 2020. Na Smotri \u0107e, kao solisti ili kao \u010dlanovi komornih ansambala, sudjelovati vi\u0161e od 100 mladih gitarista \u2013 u\u010denika osnovnih i srednjih glazbenih \u0161kola iz cijele Republike Hrvatske, koji su prethodno uspje\u0161no polo\u017eili audiciju na svojoj glazbenoj \u0161koli. Predsjednik [&hellip;]<\/p>\n","protected":false},"author":5,"featured_media":0,"comment_status":"closed","ping_status":"closed","sticky":false,"template":"","format":"standard","meta":{"footnotes":""},"categories":[64],"tags":[],"class_list":["post-7534","post","type-post","status-publish","format-standard","hentry","category-najava-dogadanja"],"translation":{"provider":"WPGlobus","version":"3.0.0","language":"gb","enabled_languages":["hr","gb"],"languages":{"hr":{"title":true,"content":true,"excerpt":false},"gb":{"title":false,"content":false,"excerpt":false}}},"_links":{"self":[{"href":"https:\/\/glazbena.hr\/gb\/wp-json\/wp\/v2\/posts\/7534","targetHints":{"allow":["GET"]}}],"collection":[{"href":"https:\/\/glazbena.hr\/gb\/wp-json\/wp\/v2\/posts"}],"about":[{"href":"https:\/\/glazbena.hr\/gb\/wp-json\/wp\/v2\/types\/post"}],"author":[{"embeddable":true,"href":"https:\/\/glazbena.hr\/gb\/wp-json\/wp\/v2\/users\/5"}],"replies":[{"embeddable":true,"href":"https:\/\/glazbena.hr\/gb\/wp-json\/wp\/v2\/comments?post=7534"}],"version-history":[{"count":2,"href":"https:\/\/glazbena.hr\/gb\/wp-json\/wp\/v2\/posts\/7534\/revisions"}],"predecessor-version":[{"id":30177,"href":"https:\/\/glazbena.hr\/gb\/wp-json\/wp\/v2\/posts\/7534\/revisions\/30177"}],"wp:attachment":[{"href":"https:\/\/glazbena.hr\/gb\/wp-json\/wp\/v2\/media?parent=7534"}],"wp:term":[{"taxonomy":"category","embeddable":true,"href":"https:\/\/glazbena.hr\/gb\/wp-json\/wp\/v2\/categories?post=7534"},{"taxonomy":"post_tag","embeddable":true,"href":"https:\/\/glazbena.hr\/gb\/wp-json\/wp\/v2\/tags?post=7534"}],"curies":[{"name":"wp","href":"https:\/\/api.w.org\/{rel}","templated":true}]}}