{"id":7589,"date":"2020-12-28T19:45:10","date_gmt":"2020-12-28T17:45:10","guid":{"rendered":"https:\/\/glazbena.hr\/?p=7589"},"modified":"2021-02-01T11:57:29","modified_gmt":"2021-02-01T09:57:29","slug":"bozicna-online-produkcija-klasa-l-santek","status":"publish","type":"post","link":"https:\/\/glazbena.hr\/gb\/produkcije\/bozicna-online-produkcija-klasa-l-santek\/","title":{"rendered":"Bo\u017ei\u0107na online produkcija &#8211; klasa L. \u0160antek"},"content":{"rendered":"<p>\u017deljno i\u0161\u010dekivani 2. online koncert 2. sezone koncerata na daljinu pod nadimkom \u201cBo\u017ei\u0107ni\u201d odr\u017ean je 22. prosinca u 18.30 na Zoom platformi u ve\u0107 tradicionalnoj suradnji dviju \u0161kola G\u0160 u Vara\u017edinu i G\u0160 Vatroslava Lisinskog iz Bjelovara na inicijativu profesorica Svetlane i Lee, kojima su se ovog puta pridru\u017eili i prof. Tatjana kao mentor u\u010denicima i prof. Predrag \u0160antek kao (su)izvo\u0111a\u010d.<\/p>\n<p>Na koncertu koji je trajao \u010dak 100 minuta \u0161arolikog i prigodnog blagdanskog programa sudjelovalo je preko 20 izvo\u0111a\u010da razli\u010ditog uzrasta, a ovog puta na kraju programa zasvirali su i na\u0161i kolege Lea i Predrag izvev\u0161i pritom obradu poznatog bo\u017ei\u0107nog hita Happy Xmas (War Is Over) objavljenog 1. prosinca 1971. godine tragi\u010dno i prerano preminulog na dan 8. prosinca 1980. godine, Johna Lennona, glazbenika i pjesnika koji ove godine obilje\u017eava dvije obljetnice: ro\u0111enja (80) i smrti (40) i njegove supruge Yoko Ono.<\/p>\n<p>Na programu se na\u0161ao jo\u0161 jedan slavljenik, hrvatski skladatelj Blagoje Bersa koji je proslavio svoj 147. ro\u0111endan prethodni dan &#8211; njemu u \u010dast na\u0161a u\u010denica 1.s. razreda, Hana \u0160iroki, izvela je skladbu Melancolie op. 76 posvetiv\u0161i mu pritom i kratki sastavak, a glavni slavljenik ove godine, maestro Beethoven, izvo\u0111a\u010dima je poslao svoju ro\u0111endansku glazbenu zagonetku.<\/p>\n<p>Na koncertu su sudjelovali sljede\u0107i u\u010denici iz Glazbene \u0161kole u Vara\u017edinu:<br \/>\nJanko Lazar, 1.o.<br \/>\nPetra Mu\u0161kardin, 1.o.<br \/>\nJuraj Kudeli\u0107, 1.o. (nije nastupio zbog tehni\u010dkih pote\u0161ko\u0107a)<br \/>\nAna \u0110idara, 2.o.<br \/>\nMarko Ma\u010dek, 2.o. solo i sa sestrama Janom, 4.o. i Martom, 5.o.<br \/>\nMatija Sajko, 2.o.<br \/>\nLeda Cahunek, 3.o.<br \/>\nMatej Ratkovi\u0107, 3.o.<br \/>\nAdam Rendi\u0107, 3.o.<br \/>\nIvan Juranko, 5.o.<br \/>\nHana \u0160iroki, 1.s.<br \/>\nNa koncertu su sudjelovali i u\u010denici iz Glazbene \u0161kole Vatroslav Lisinski iz Bjelovara:<br \/>\nAna Wolf, 1.o.<br \/>\nMarta Bini\u010dki, 1.o.<br \/>\nLana Pata\u010dko, 2.o., solo i 4r<br \/>\nMaja Matu\u0161, 3.o., solo i 4.r.<br \/>\nMia Unger, 3.o.<br \/>\nLovro Damjani\u0107, 3.o.<br \/>\nGita Lovri\u0107, 4.o.<br \/>\nTara Toma\u0161evi\u0107, 4.o.<br \/>\nTa\u0161a Po\u010du\u010da, 6.o.<br \/>\nLuka Pavi\u010di\u0107, 1.s.<br \/>\niz Glazbene \u0161kole Vatroslava Lisinskog iz Bjelovara.<\/p>\n<p>Svi izvo\u0111a\u010di nagra\u0111eni su pohvalama, \u010destitkama, zahvalama i ogromnim pljeskom, zaslu\u017eenim naravno, a i ovog puta bilo je mladih umjetnika kojima je ovo bio prvi nastup u \u017eivotu. Veselo i sve brojnije dru\u0161tvo \u017eeljno i\u0161\u010dekuje nadolaze\u0107e blagdane i sljede\u0107i koncert, u\u017eivo, nadamo se, a svima od srca \u010destita Bo\u017ei\u0107 i sretnu Novu Godinu iz topline doma svoga.<\/p>\n<p>Poslu\u0161ajte i pogledajte djeli\u0107 atmosfere s koncerta u izvedbi na\u0161ih kolega nastavnika.<\/p>\n<p><a href=\"https:\/\/glazbena.hr\/wp-content\/uploads\/2020\/12\/IMG_6277.png\"><img loading=\"lazy\" decoding=\"async\" class=\"alignnone size-medium wp-image-7590\" src=\"https:\/\/glazbena.hr\/wp-content\/uploads\/2020\/12\/IMG_6277-213x300.png\" alt=\"\" width=\"213\" height=\"300\" srcset=\"https:\/\/glazbena.hr\/wp-content\/uploads\/2020\/12\/IMG_6277-213x300.png 213w, https:\/\/glazbena.hr\/wp-content\/uploads\/2020\/12\/IMG_6277.png 476w\" sizes=\"auto, (max-width: 213px) 100vw, 213px\" \/><\/a> <a href=\"https:\/\/glazbena.hr\/wp-content\/uploads\/2020\/12\/IMG_6276.png\"><img loading=\"lazy\" decoding=\"async\" class=\"alignnone size-medium wp-image-7591\" src=\"https:\/\/glazbena.hr\/wp-content\/uploads\/2020\/12\/IMG_6276-208x300.png\" alt=\"\" width=\"208\" height=\"300\" srcset=\"https:\/\/glazbena.hr\/wp-content\/uploads\/2020\/12\/IMG_6276-208x300.png 208w, https:\/\/glazbena.hr\/wp-content\/uploads\/2020\/12\/IMG_6276.png 469w\" sizes=\"auto, (max-width: 208px) 100vw, 208px\" \/><\/a><\/p>\n<video class=\"sc_video\" src=\"https:\/\/youtube.com\/embed\/XvAy02nA_RY\" width=\"100%\" height=\"\" data-width=\"100%\" data-height=\"\" data-ratio=\"16:9\" poster=\"https:\/\/i1.ytimg.com\/vi\/XvAy02nA_RY\/0.jpg\" data-image=\"https:\/\/i1.ytimg.com\/vi\/XvAy02nA_RY\/0.jpg\" style=\"width:100%;\" controls=\"controls\" loop=\"loop\"><\/video>\n","protected":false},"excerpt":{"rendered":"<p>\u017deljno i\u0161\u010dekivani 2. online koncert 2. sezone koncerata na daljinu pod nadimkom \u201cBo\u017ei\u0107ni\u201d odr\u017ean je 22. prosinca u 18.30 na Zoom platformi u ve\u0107 tradicionalnoj suradnji dviju \u0161kola G\u0160 u Vara\u017edinu i G\u0160 Vatroslava Lisinskog iz Bjelovara na inicijativu profesorica Svetlane i Lee, kojima su se ovog puta pridru\u017eili i prof. Tatjana kao mentor u\u010denicima [&hellip;]<\/p>\n","protected":false},"author":5,"featured_media":0,"comment_status":"closed","ping_status":"closed","sticky":false,"template":"","format":"standard","meta":{"footnotes":""},"categories":[70,65],"tags":[],"class_list":["post-7589","post","type-post","status-publish","format-standard","hentry","category-aktivnosti","category-produkcije"],"translation":{"provider":"WPGlobus","version":"3.0.0","language":"gb","enabled_languages":["hr","gb"],"languages":{"hr":{"title":true,"content":true,"excerpt":false},"gb":{"title":false,"content":false,"excerpt":false}}},"_links":{"self":[{"href":"https:\/\/glazbena.hr\/gb\/wp-json\/wp\/v2\/posts\/7589","targetHints":{"allow":["GET"]}}],"collection":[{"href":"https:\/\/glazbena.hr\/gb\/wp-json\/wp\/v2\/posts"}],"about":[{"href":"https:\/\/glazbena.hr\/gb\/wp-json\/wp\/v2\/types\/post"}],"author":[{"embeddable":true,"href":"https:\/\/glazbena.hr\/gb\/wp-json\/wp\/v2\/users\/5"}],"replies":[{"embeddable":true,"href":"https:\/\/glazbena.hr\/gb\/wp-json\/wp\/v2\/comments?post=7589"}],"version-history":[{"count":2,"href":"https:\/\/glazbena.hr\/gb\/wp-json\/wp\/v2\/posts\/7589\/revisions"}],"predecessor-version":[{"id":7704,"href":"https:\/\/glazbena.hr\/gb\/wp-json\/wp\/v2\/posts\/7589\/revisions\/7704"}],"wp:attachment":[{"href":"https:\/\/glazbena.hr\/gb\/wp-json\/wp\/v2\/media?parent=7589"}],"wp:term":[{"taxonomy":"category","embeddable":true,"href":"https:\/\/glazbena.hr\/gb\/wp-json\/wp\/v2\/categories?post=7589"},{"taxonomy":"post_tag","embeddable":true,"href":"https:\/\/glazbena.hr\/gb\/wp-json\/wp\/v2\/tags?post=7589"}],"curies":[{"name":"wp","href":"https:\/\/api.w.org\/{rel}","templated":true}]}}