{"id":7596,"date":"2020-12-29T13:19:53","date_gmt":"2020-12-29T11:19:53","guid":{"rendered":"https:\/\/glazbena.hr\/?p=7596"},"modified":"2020-12-30T14:11:17","modified_gmt":"2020-12-30T12:11:17","slug":"mjuzikl-glazba-srca-mog-na-hrvatskoj-radio-televiziji","status":"publish","type":"post","link":"https:\/\/glazbena.hr\/gb\/events\/mjuzikl-glazba-srca-mog-na-hrvatskoj-radio-televiziji\/","title":{"rendered":"Mjuzikl Glazba srca mog na Hrvatskoj radio televiziji"},"content":{"rendered":"<p>Glazbena \u0161kola u Vara\u017edinu 2018. godine proslavila je 190 godina djelovanja kao jedna od najstarijih institucija te vrste u Republici Hrvatskoj. U sklopu proslave obljetnice postavljen je mjuzikl biv\u0161eg u\u010denika Glazbene \u0161kole u Vara\u017edinu, skladatelja Ivana Josipa Skendera \u201eGlazba srca mog\u201c u interpretaciji u\u010denika \u0161kole, a u koprodukciji sa HNK u Vara\u017edinu. Mjuzikl koji je praizveden 30. studenog 2018. godine, a svjetla pozornice Zagreba\u010dkog gradskog kazali\u0161ta Komedija ugledao je 16. velja\u010de 2020. godine. Tom prilikom kamere Hrvatske radio televizije snimile su izvedbu ovog mjuzikla, a ove nedjelje 3. sije\u010dnja 2021. godine na HRT2 s po\u010detkom u 08,10 sati mjuzikl \u0107e biti prikazan na programu nacionalne televizije. Pozivamo vas sve da nam se pridru\u017eite pred malim ekranima, da podr\u017eite jo\u0161 jednom vrijedne u\u010denike Glazbene \u0161kole u Vara\u017edinu i nikako ne propustiti ovaj izvanredan doga\u0111aj.<\/p>\n<p><a href=\"https:\/\/glazbena.hr\/wp-content\/uploads\/2020\/02\/Mjuzikl_Komedija_Zg-160-.jpg\"><img loading=\"lazy\" decoding=\"async\" class=\"alignnone wp-image-5993 size-large\" src=\"https:\/\/glazbena.hr\/wp-content\/uploads\/2020\/02\/Mjuzikl_Komedija_Zg-160--1024x604.jpg\" alt=\"\" width=\"1024\" height=\"604\" srcset=\"https:\/\/glazbena.hr\/wp-content\/uploads\/2020\/02\/Mjuzikl_Komedija_Zg-160--1024x604.jpg 1024w, https:\/\/glazbena.hr\/wp-content\/uploads\/2020\/02\/Mjuzikl_Komedija_Zg-160--300x177.jpg 300w, https:\/\/glazbena.hr\/wp-content\/uploads\/2020\/02\/Mjuzikl_Komedija_Zg-160--768x453.jpg 768w, https:\/\/glazbena.hr\/wp-content\/uploads\/2020\/02\/Mjuzikl_Komedija_Zg-160--1536x906.jpg 1536w, https:\/\/glazbena.hr\/wp-content\/uploads\/2020\/02\/Mjuzikl_Komedija_Zg-160-.jpg 1600w\" sizes=\"auto, (max-width: 1024px) 100vw, 1024px\" \/><\/a><\/p>\n","protected":false},"excerpt":{"rendered":"<p>Glazbena \u0161kola u Vara\u017edinu 2018. godine proslavila je 190 godina djelovanja kao jedna od najstarijih institucija te vrste u Republici Hrvatskoj. U sklopu proslave obljetnice postavljen je mjuzikl biv\u0161eg u\u010denika Glazbene \u0161kole u Vara\u017edinu, skladatelja Ivana Josipa Skendera \u201eGlazba srca mog\u201c u interpretaciji u\u010denika \u0161kole, a u koprodukciji sa HNK u Vara\u017edinu. Mjuzikl koji je [&hellip;]<\/p>\n","protected":false},"author":5,"featured_media":0,"comment_status":"closed","ping_status":"closed","sticky":false,"template":"","format":"standard","meta":{"footnotes":""},"categories":[64],"tags":[],"class_list":["post-7596","post","type-post","status-publish","format-standard","hentry","category-najava-dogadanja"],"translation":{"provider":"WPGlobus","version":"3.0.0","language":"gb","enabled_languages":["hr","gb"],"languages":{"hr":{"title":true,"content":true,"excerpt":false},"gb":{"title":false,"content":false,"excerpt":false}}},"_links":{"self":[{"href":"https:\/\/glazbena.hr\/gb\/wp-json\/wp\/v2\/posts\/7596","targetHints":{"allow":["GET"]}}],"collection":[{"href":"https:\/\/glazbena.hr\/gb\/wp-json\/wp\/v2\/posts"}],"about":[{"href":"https:\/\/glazbena.hr\/gb\/wp-json\/wp\/v2\/types\/post"}],"author":[{"embeddable":true,"href":"https:\/\/glazbena.hr\/gb\/wp-json\/wp\/v2\/users\/5"}],"replies":[{"embeddable":true,"href":"https:\/\/glazbena.hr\/gb\/wp-json\/wp\/v2\/comments?post=7596"}],"version-history":[{"count":3,"href":"https:\/\/glazbena.hr\/gb\/wp-json\/wp\/v2\/posts\/7596\/revisions"}],"predecessor-version":[{"id":7600,"href":"https:\/\/glazbena.hr\/gb\/wp-json\/wp\/v2\/posts\/7596\/revisions\/7600"}],"wp:attachment":[{"href":"https:\/\/glazbena.hr\/gb\/wp-json\/wp\/v2\/media?parent=7596"}],"wp:term":[{"taxonomy":"category","embeddable":true,"href":"https:\/\/glazbena.hr\/gb\/wp-json\/wp\/v2\/categories?post=7596"},{"taxonomy":"post_tag","embeddable":true,"href":"https:\/\/glazbena.hr\/gb\/wp-json\/wp\/v2\/tags?post=7596"}],"curies":[{"name":"wp","href":"https:\/\/api.w.org\/{rel}","templated":true}]}}