{"id":7676,"date":"2021-01-28T15:32:51","date_gmt":"2021-01-28T13:32:51","guid":{"rendered":"https:\/\/glazbena.hr\/?p=7676"},"modified":"2021-01-28T15:33:42","modified_gmt":"2021-01-28T13:33:42","slug":"odluka-o-organizaciji-nastave-od-1-veljace-do-12-veljace-2021","status":"publish","type":"post","link":"https:\/\/glazbena.hr\/gb\/legal-information\/odluka-o-organizaciji-nastave-od-1-veljace-do-12-veljace-2021\/","title":{"rendered":"Odluka o organizaciji nastave od 1. velja\u010de do 12. velja\u010de 2021."},"content":{"rendered":"<p><strong>PRED\u0160KOLSKI PROGRAM (model A)<\/strong><\/p>\n<p>Od 1. velja\u010de 2021. do 12. velja\u010de 2021. godine pred\u0161kolski programi (Po\u010detni\u010dki solfeggio, Pred\u0161kolski zbor, Mala \u0161kola blok-flaute, Mala \u0161kola violine) \u0107e se odr\u017eavati redovno i u\u017eivo uz pridr\u017eavanje epidemiolo\u0161kih mjera prema dogovorenom rasporedu s predmetnim nastavnikom.<\/p>\n<p><strong>OSNOVNA GLAZBENA \u0160KOLA \u2013 GLAZBENA \u0160KOLA U VARA\u017dDINU<\/strong><\/p>\n<p>Od 1. velja\u010de 2021. do 12. velja\u010de 2021. godine nastava za u\u010denike osnovne glazbene \u0161kole ( od 1. do 6. razreda) u mati\u010dnoj \u0161koli (Vara\u017edin) \u0107e se odr\u017eavati redovito i u\u017eivo uz pridr\u017eavanje epidemiolo\u0161kih mjera (socijalna distanca, maske za sve u\u010denike i djelatnike te sve osobe koje ulaze u \u0161kolski prostor), uz izuzetak u\u010denika koji se nalaze u samoizolaciji\/karanteni (model A)<\/p>\n<p><strong>OSNOVNA GLAZBENA \u0160KOLA \u2013 PODRU\u010cNI ODJELI<\/strong><\/p>\n<p>Od 1. velja\u010de 2021. do 12. velja\u010de 2021. godine nastava u svim podru\u010dnim odjelima (Cestica, Ivanec, Lepoglava, Vara\u017edinske Toplice) \u0107e se odr\u017eavati redovito i u\u017eivo (model A) uz pridr\u017eavanje epidemiolo\u0161kih mjera (socijalna distanca, maske za sve u\u010denike i djelatnike te sve osobe koje ulaze u \u0161kolski prostor), uz izuzetak u\u010denika koji se nalaze u samoizolaciji\/karanteni.<\/p>\n<p><strong>PRIPREMNO OBRAZOVANJE I SREDNJA GLAZBENA \u0160KOLA<\/strong><\/p>\n<p>Nastava za u\u010denike pripremnog obrazovanja i u\u010denike od 1. do 3. razreda (A i B razredi) srednje glazbene \u0161kole od 1. velja\u010de do 12. velja\u010de 2021. godine \u0107e se odr\u017eavati:<\/p>\n<p>&#8211; individualna nastava (instrument, solo pjevanje, korepeticija i dr.) za u\u010denike pripremnog obrazovanja i u\u010denike od 1. do 3. razreda (A i B razredi) srednje glazbene \u0161kole \u0107e se odr\u017eavati <strong>U\u017dIVO<\/strong> (model A)<\/p>\n<p>&#8211; grupna teorijska nastava za u\u010denike pripremnog obrazovanja i u\u010denike od 1. do 3. razreda (A i B razredi) srednje glazbene \u0161kole te op\u0107eobrazovna nastava za u\u010denike 1. do 3. razreda (A razredi) srednje glazbene \u0161kole \u0107e se odr\u017eavati <strong>ONLINE<\/strong> (model C)<\/p>\n<p>Nastava za u\u010denike 4. razreda srednje glazbene \u0161kole iz op\u0107eobrazovnih predmeta (A razredi), grupnih teorijskih predmeta (A i B razredi) i individualne nastave (A i B razredi) \u0107e se odr\u017eavati <strong>U\u017dIVO<\/strong> (model A) od 1. velja\u010de do 12. velja\u010de 2021. prema rasporedu koji vrijedi od 18. sije\u010dnja 2021. godine.<\/p>\n<p><em><strong>Nastava skupnog muziciranja (zborovi, orkestri), komorna glazba, kompjutorska notografija, literarna grupa, osnove jazza, jazz orkestar, orkestralne dionice i vokalna popularna glazba \u0107e se odvijati ONLINE (model C)<\/strong><\/em><\/p>\n<p>U\u010denici kojima je izre\u010dena mjera samoizolacije obvezni su je po\u0161tivati i pratiti online nastavu, kao i svi u\u010denici kojima je uvedena online nastava du\u017eni su je pratiti. Oboljeli u\u010denici mogu pratiti online nastavu u skladu sa svojim zdravstvenim stanjem. Nastavnici kojima je izre\u010dena mjera samoizolacije obvezni su je po\u0161tivati i izvoditi online nastavu.<br \/>\nOboljeli nastavnici mogu izvoditi online nastavu u skladu sa svojim zdravstvenim stanjem. Nastavnici individualne nastave kojima nije izre\u010dena mjera samoizolacije obvezni su odr\u017eavati online nastavu u\u010denicima kojima je izre\u010dena mjera samoizolacije.<\/p>\n<p><em>Za vrijeme odr\u017eavanja online nastave pozivamo sve u\u010denike i djelatnike na maksimalno po\u0161tovanje svih epidemiolo\u0161kih mjera i odgovorno pona\u0161anje<\/em>.<\/p>\n<p><a href=\"https:\/\/glazbena.hr\/wp-content\/uploads\/2021\/01\/Odluka-o-organizaciji-nastave-od-01.02.-do-12.2.2021..pdf\">Odluka o organizaciji nastave od 01.02. do 12.2.2021.<\/a><\/p>\n","protected":false},"excerpt":{"rendered":"<p>PRED\u0160KOLSKI PROGRAM (model A) Od 1. velja\u010de 2021. do 12. velja\u010de 2021. godine pred\u0161kolski programi (Po\u010detni\u010dki solfeggio, Pred\u0161kolski zbor, Mala \u0161kola blok-flaute, Mala \u0161kola violine) \u0107e se odr\u017eavati redovno i u\u017eivo uz pridr\u017eavanje epidemiolo\u0161kih mjera prema dogovorenom rasporedu s predmetnim nastavnikom. OSNOVNA GLAZBENA \u0160KOLA \u2013 GLAZBENA \u0160KOLA U VARA\u017dDINU Od 1. velja\u010de 2021. do 12. [&hellip;]<\/p>\n","protected":false},"author":5,"featured_media":0,"comment_status":"closed","ping_status":"closed","sticky":false,"template":"","format":"standard","meta":{"footnotes":""},"categories":[67,76],"tags":[],"class_list":["post-7676","post","type-post","status-publish","format-standard","hentry","category-informacije","category-za-ucenike"],"translation":{"provider":"WPGlobus","version":"3.0.0","language":"gb","enabled_languages":["hr","gb"],"languages":{"hr":{"title":true,"content":true,"excerpt":false},"gb":{"title":false,"content":false,"excerpt":false}}},"_links":{"self":[{"href":"https:\/\/glazbena.hr\/gb\/wp-json\/wp\/v2\/posts\/7676","targetHints":{"allow":["GET"]}}],"collection":[{"href":"https:\/\/glazbena.hr\/gb\/wp-json\/wp\/v2\/posts"}],"about":[{"href":"https:\/\/glazbena.hr\/gb\/wp-json\/wp\/v2\/types\/post"}],"author":[{"embeddable":true,"href":"https:\/\/glazbena.hr\/gb\/wp-json\/wp\/v2\/users\/5"}],"replies":[{"embeddable":true,"href":"https:\/\/glazbena.hr\/gb\/wp-json\/wp\/v2\/comments?post=7676"}],"version-history":[{"count":3,"href":"https:\/\/glazbena.hr\/gb\/wp-json\/wp\/v2\/posts\/7676\/revisions"}],"predecessor-version":[{"id":7679,"href":"https:\/\/glazbena.hr\/gb\/wp-json\/wp\/v2\/posts\/7676\/revisions\/7679"}],"wp:attachment":[{"href":"https:\/\/glazbena.hr\/gb\/wp-json\/wp\/v2\/media?parent=7676"}],"wp:term":[{"taxonomy":"category","embeddable":true,"href":"https:\/\/glazbena.hr\/gb\/wp-json\/wp\/v2\/categories?post=7676"},{"taxonomy":"post_tag","embeddable":true,"href":"https:\/\/glazbena.hr\/gb\/wp-json\/wp\/v2\/tags?post=7676"}],"curies":[{"name":"wp","href":"https:\/\/api.w.org\/{rel}","templated":true}]}}