{"id":7742,"date":"2021-02-04T13:15:21","date_gmt":"2021-02-04T11:15:21","guid":{"rendered":"https:\/\/glazbena.hr\/?p=7742"},"modified":"2021-02-04T13:15:21","modified_gmt":"2021-02-04T11:15:21","slug":"pjesmom-radost-podijelimo-zbirka-uglazbljenih-pjesama-ruze-milic","status":"publish","type":"post","link":"https:\/\/glazbena.hr\/gb\/activity\/pjesmom-radost-podijelimo-zbirka-uglazbljenih-pjesama-ruze-milic\/","title":{"rendered":"Pjesmom radost podijelimo, zbirka uglazbljenih pjesama Ru\u017ee Mili\u0107"},"content":{"rendered":"<p>Danas smo na poklon dobili tri primjerka zbirke uglazbljenih pjesama pod nazivom &#8220;Pjesmom radost podijelimo&#8221; autorice Ru\u017ee Mili\u0107.<br \/>\nKolegica i trenutno umirovljena nastavnica teorijskih glazbenih predmeta Ru\u017ea Mili\u0107 je zavr\u0161ila srednju Glazbenu \u0161kolu u Vara\u017edinu, dok je 1973. godine diplomirala na Muzi\u010dkoj akademiji u Zagrebu. \u010citav radni vijek je provela u Glazbenoj \u0161koli Vatroslava Lisinskog Bjelovar gdje je radila s u\u010denicima srednjo\u0161kolskog uzrasta, no istovremeno se posvetila i radu i glazbenom odgoju djece pred\u0161kolske i rane \u0161kolske dobi.<br \/>\nZahvaljujemo kolegici Mili\u0107 na prekrasnom poklonu te \u010destitamo na divnoj zbirci.<\/p>\n<p>&nbsp;<\/p>\n<p>&nbsp;<\/p>\n<p><a href=\"https:\/\/glazbena.hr\/wp-content\/uploads\/2021\/02\/IMG_20210204_112044-scaled.jpg\"><img loading=\"lazy\" decoding=\"async\" class=\"aligncenter wp-image-7743 size-large\" src=\"https:\/\/glazbena.hr\/wp-content\/uploads\/2021\/02\/IMG_20210204_112044-1024x768.jpg\" alt=\"\" width=\"1024\" height=\"768\" srcset=\"https:\/\/glazbena.hr\/wp-content\/uploads\/2021\/02\/IMG_20210204_112044-1024x768.jpg 1024w, https:\/\/glazbena.hr\/wp-content\/uploads\/2021\/02\/IMG_20210204_112044-300x225.jpg 300w, https:\/\/glazbena.hr\/wp-content\/uploads\/2021\/02\/IMG_20210204_112044-768x576.jpg 768w, https:\/\/glazbena.hr\/wp-content\/uploads\/2021\/02\/IMG_20210204_112044-1536x1152.jpg 1536w, https:\/\/glazbena.hr\/wp-content\/uploads\/2021\/02\/IMG_20210204_112044-2048x1536.jpg 2048w\" sizes=\"auto, (max-width: 1024px) 100vw, 1024px\" \/><\/a><\/p>\n","protected":false},"excerpt":{"rendered":"<p>Danas smo na poklon dobili tri primjerka zbirke uglazbljenih pjesama pod nazivom &#8220;Pjesmom radost podijelimo&#8221; autorice Ru\u017ee Mili\u0107. Kolegica i trenutno umirovljena nastavnica teorijskih glazbenih predmeta Ru\u017ea Mili\u0107 je zavr\u0161ila srednju Glazbenu \u0161kolu u Vara\u017edinu, dok je 1973. godine diplomirala na Muzi\u010dkoj akademiji u Zagrebu. \u010citav radni vijek je provela u Glazbenoj \u0161koli Vatroslava Lisinskog [&hellip;]<\/p>\n","protected":false},"author":5,"featured_media":0,"comment_status":"closed","ping_status":"closed","sticky":false,"template":"","format":"standard","meta":{"footnotes":""},"categories":[70],"tags":[],"class_list":["post-7742","post","type-post","status-publish","format-standard","hentry","category-aktivnosti"],"translation":{"provider":"WPGlobus","version":"3.0.0","language":"gb","enabled_languages":["hr","gb"],"languages":{"hr":{"title":true,"content":true,"excerpt":false},"gb":{"title":false,"content":false,"excerpt":false}}},"_links":{"self":[{"href":"https:\/\/glazbena.hr\/gb\/wp-json\/wp\/v2\/posts\/7742","targetHints":{"allow":["GET"]}}],"collection":[{"href":"https:\/\/glazbena.hr\/gb\/wp-json\/wp\/v2\/posts"}],"about":[{"href":"https:\/\/glazbena.hr\/gb\/wp-json\/wp\/v2\/types\/post"}],"author":[{"embeddable":true,"href":"https:\/\/glazbena.hr\/gb\/wp-json\/wp\/v2\/users\/5"}],"replies":[{"embeddable":true,"href":"https:\/\/glazbena.hr\/gb\/wp-json\/wp\/v2\/comments?post=7742"}],"version-history":[{"count":2,"href":"https:\/\/glazbena.hr\/gb\/wp-json\/wp\/v2\/posts\/7742\/revisions"}],"predecessor-version":[{"id":7745,"href":"https:\/\/glazbena.hr\/gb\/wp-json\/wp\/v2\/posts\/7742\/revisions\/7745"}],"wp:attachment":[{"href":"https:\/\/glazbena.hr\/gb\/wp-json\/wp\/v2\/media?parent=7742"}],"wp:term":[{"taxonomy":"category","embeddable":true,"href":"https:\/\/glazbena.hr\/gb\/wp-json\/wp\/v2\/categories?post=7742"},{"taxonomy":"post_tag","embeddable":true,"href":"https:\/\/glazbena.hr\/gb\/wp-json\/wp\/v2\/tags?post=7742"}],"curies":[{"name":"wp","href":"https:\/\/api.w.org\/{rel}","templated":true}]}}