{"id":7831,"date":"2021-03-18T12:02:00","date_gmt":"2021-03-18T10:02:00","guid":{"rendered":"https:\/\/glazbena.hr\/?p=7831"},"modified":"2021-03-18T12:02:00","modified_gmt":"2021-03-18T10:02:00","slug":"organizacija-nastave-od-23-ozujka-do-1-travnja-2021","status":"publish","type":"post","link":"https:\/\/glazbena.hr\/gb\/legal-information\/organizacija-nastave-od-23-ozujka-do-1-travnja-2021\/","title":{"rendered":"Organizacija nastave od 23. o\u017eujka do 1. travnja 2021."},"content":{"rendered":"<p><strong>PRED\u0160KOLSKI PROGRAM (model A)<\/strong><\/p>\n<p>Pred\u0161kolski programi (Po\u010detni\u010dki solfeggio, Pred\u0161kolski zbor, Mala \u0161kola blok-flaute, Mala \u0161kola violine) nastavljaju se odr\u017eavati redovito i u\u017eivo uz pridr\u017eavanje epidemiolo\u0161kih mjera prema dogovorenom rasporedu s predmetnim nastavnikom.<\/p>\n<p><strong>OSNOVNA GLAZBENA \u0160KOLA \u2013 GLAZBENA \u0160KOLA U VARA\u017dDINU<\/strong><\/p>\n<p>Nastava za u\u010denike osnovne glazbene \u0161kole (od 1. do 6. razreda) u mati\u010dnoj \u0161koli (Vara\u017edin) nastavlja se odr\u017eavati redovito i u\u017eivo uz pridr\u017eavanje epidemiolo\u0161kih mjera (socijalna distanca, maske za sve u\u010denike i djelatnike te sve osobe koje ulaze u \u0161kolski prostor), uz izuzetak u\u010denika koji se nalaze u samoizolaciji\/karanteni (model A).<\/p>\n<p><strong>OSNOVNA GLAZBENA \u0160KOLA \u2013 PODRU\u010cNI ODJELI<\/strong><\/p>\n<p>Nastava u svim podru\u010dnim odjelima (Cestica, Ivanec, Lepoglava, Vara\u017edinske Toplice) nastavlja se odr\u017eavati redovito i u\u017eivo (model A) uz pridr\u017eavanje epidemiolo\u0161kih mjera (socijalna distanca, maske za sve u\u010denike i djelatnike te sve osobe koje ulaze u \u0161kolski prostor), uz izuzetak u\u010denika koji se nalaze u samoizolaciji\/karanteni.<\/p>\n<p><strong>PRIPREMNO OBRAZOVANJE I SREDNJA GLAZBENA \u0160KOLA<\/strong><\/p>\n<p>Nastava za u\u010denike pripremnog obrazovanja i u\u010denike srednje glazbene \u0161kole (A i B razredi) \u0107e se odr\u017eavati:<\/p>\n<p>&#8211; individualna nastava (instrument, solo pjevanje, korepeticija i dr.) za u\u010denike pripremnog obrazovanja i u\u010denike srednje glazbene \u0161kole (A i B razredi) \u0107e se odr\u017eavati U\u017dIVO (model A)<\/p>\n<p>&#8211; grupna teorijska nastava za u\u010denike pripremnog obrazovanja i u\u010denike (A i B razredi) srednje glazbene \u0161kole te op\u0107eobrazovna nastava za u\u010denike (A razredi) srednje glazbene \u0161kole \u0107e se odr\u017eavati ONLINE (model C) prema rasporedu koji vrijedi od 1. o\u017eujka 2021.<\/p>\n<p>Nastava skupnog muziciranja (zborovi, orkestri), komorna glazba, kompjutorska notografija, literarna grupa, osnove jazza, jazz orkestar, orkestralne dionice i vokalna popularna glazba za sve u\u010denike \u0107e se odvijati ONLINE (model C).<\/p>\n<p>U\u010denici kojima je izre\u010dena mjera samoizolacije obvezni su je po\u0161tivati i pratiti online nastavu.<br \/>\nOboljeli u\u010denici mogu pratiti online nastavu u skladu sa svojim zdravstvenim stanjem. Nastavnici kojima je izre\u010dena mjera samoizolacije obvezni su je po\u0161tivati i izvoditi online nastavu. Oboljeli nastavnici mogu izvoditi online nastavu u skladu sa svojim zdravstvenim stanjem.<br \/>\nNastavnici individualne nastave kojima nije izre\u010dena mjera samoizolacije obvezni su odr\u017eavati online nastavu u\u010denicima kojima je izre\u010dena mjera samoizolacije.<\/p>\n<p>Za vrijeme odr\u017eavanja nastave u\u017eivo, kao i online nastave, pozivamo sve u\u010denike i djelatnike na maksimalno po\u0161tovanje svih epidemiolo\u0161kih mjera i odgovorno pona\u0161anje.<\/p>\n<p><a href=\"https:\/\/glazbena.hr\/wp-content\/uploads\/2021\/03\/Odluka-o-organizaciji-nastave-od-22.-ozujka-do-1.-travnja-2021..pdf\">Odluka o organizaciji nastave od 22. o\u017eujka do 1. travnja 2021.<\/a><\/p>\n<p>&nbsp;<\/p>\n<p>&nbsp;<\/p>\n","protected":false},"excerpt":{"rendered":"<p>PRED\u0160KOLSKI PROGRAM (model A) Pred\u0161kolski programi (Po\u010detni\u010dki solfeggio, Pred\u0161kolski zbor, Mala \u0161kola blok-flaute, Mala \u0161kola violine) nastavljaju se odr\u017eavati redovito i u\u017eivo uz pridr\u017eavanje epidemiolo\u0161kih mjera prema dogovorenom rasporedu s predmetnim nastavnikom. OSNOVNA GLAZBENA \u0160KOLA \u2013 GLAZBENA \u0160KOLA U VARA\u017dDINU Nastava za u\u010denike osnovne glazbene \u0161kole (od 1. do 6. razreda) u mati\u010dnoj \u0161koli (Vara\u017edin) [&hellip;]<\/p>\n","protected":false},"author":5,"featured_media":0,"comment_status":"closed","ping_status":"closed","sticky":false,"template":"","format":"standard","meta":{"footnotes":""},"categories":[67,76],"tags":[],"class_list":["post-7831","post","type-post","status-publish","format-standard","hentry","category-informacije","category-za-ucenike"],"translation":{"provider":"WPGlobus","version":"3.0.0","language":"gb","enabled_languages":["hr","gb"],"languages":{"hr":{"title":true,"content":true,"excerpt":false},"gb":{"title":false,"content":false,"excerpt":false}}},"_links":{"self":[{"href":"https:\/\/glazbena.hr\/gb\/wp-json\/wp\/v2\/posts\/7831","targetHints":{"allow":["GET"]}}],"collection":[{"href":"https:\/\/glazbena.hr\/gb\/wp-json\/wp\/v2\/posts"}],"about":[{"href":"https:\/\/glazbena.hr\/gb\/wp-json\/wp\/v2\/types\/post"}],"author":[{"embeddable":true,"href":"https:\/\/glazbena.hr\/gb\/wp-json\/wp\/v2\/users\/5"}],"replies":[{"embeddable":true,"href":"https:\/\/glazbena.hr\/gb\/wp-json\/wp\/v2\/comments?post=7831"}],"version-history":[{"count":2,"href":"https:\/\/glazbena.hr\/gb\/wp-json\/wp\/v2\/posts\/7831\/revisions"}],"predecessor-version":[{"id":7834,"href":"https:\/\/glazbena.hr\/gb\/wp-json\/wp\/v2\/posts\/7831\/revisions\/7834"}],"wp:attachment":[{"href":"https:\/\/glazbena.hr\/gb\/wp-json\/wp\/v2\/media?parent=7831"}],"wp:term":[{"taxonomy":"category","embeddable":true,"href":"https:\/\/glazbena.hr\/gb\/wp-json\/wp\/v2\/categories?post=7831"},{"taxonomy":"post_tag","embeddable":true,"href":"https:\/\/glazbena.hr\/gb\/wp-json\/wp\/v2\/tags?post=7831"}],"curies":[{"name":"wp","href":"https:\/\/api.w.org\/{rel}","templated":true}]}}