{"id":7844,"date":"2021-03-24T21:25:35","date_gmt":"2021-03-24T19:25:35","guid":{"rendered":"https:\/\/glazbena.hr\/?p=7844"},"modified":"2021-03-24T21:25:35","modified_gmt":"2021-03-24T19:25:35","slug":"odluka-o-organizaciji-nastave-od-29-ozujka-do-1-travnja-2021","status":"publish","type":"post","link":"https:\/\/glazbena.hr\/gb\/legal-information\/odluka-o-organizaciji-nastave-od-29-ozujka-do-1-travnja-2021\/","title":{"rendered":"Odluka o organizaciji nastave od 29. o\u017eujka do 1. travnja 2021."},"content":{"rendered":"<p><strong>PRED\u0160KOLSKI PROGRAM (model A)<\/strong><\/p>\n<p>Od 29. o\u017eujka do 1. travnja 2021. godine pred\u0161kolski programi (Po\u010detni\u010dki solfeggio, Pred\u0161kolski zbor, Mala \u0161kola blok-flaute, Mala \u0161kola violine) \u0107e se odr\u017eavati <em><strong>redovno i u\u017eivo<\/strong><\/em> uz pridr\u017eavanje epidemiolo\u0161kih mjera prema dogovorenom rasporedu s predmetnim nastavnikom.<\/p>\n<p><strong>OSNOVNA GLAZBENA \u0160KOLA \u2013 GLAZBENA \u0160KOLA U VARA\u017dDINU<\/strong><\/p>\n<p>Od 29. o\u017eujka 2021. do 1. travnja 2021. godine nastava za u\u010denike osnovne glazbene \u0161kole u mati\u010dnoj \u0161koli (Vara\u017edin) \u0107e se odr\u017eavati na sljede\u0107i na\u010din:<br \/>\n&#8211; za u\u010denike od 1. do 3. razreda osnovne glazbene \u0161kole &#8211; nastavlja se odr\u017eavati <em><strong>redovito i u\u017eivo<\/strong><\/em> uz pridr\u017eavanje epidemiolo\u0161kih mjera (socijalna distanca, maske za sve u\u010denike i djelatnike te sve osobe koje ulaze u \u0161kolski prostor), uz izuzetak u\u010denika koji se nalaze u samoizolaciji\/karanteni (model A)<\/p>\n<p>&#8211; za u\u010denike od 4. do 6. razreda osnovne glazbene \u0161kola nastava \u0107e se odr\u017eavati <em><strong>online<\/strong><\/em> (model C)<\/p>\n<p><strong>OSNOVNA GLAZBENA \u0160KOLA \u2013 PODRU\u010cNI ODJELI<\/strong><\/p>\n<p>Nastava u Podru\u010dnom odjelu u Cestici od 29. o\u017eujka 2021. do 1. travnja 2021. godine \u0107e se odr\u017eavati <strong><em>redovito i u\u017eivo<\/em><\/strong> (model A) uz pridr\u017eavanje epidemiolo\u0161kih mjera (socijalna distanca, maske za sve u\u010denike i djelatnike te sve osobe koje ulaze u \u0161kolski prostor), uz izuzetak u\u010denika koji se nalaze u samoizolaciji\/karanteni.<\/p>\n<p>Nastava u Podru\u010dnom odjelu u Ivancu od 29. o\u017eujka 2021. do 1. travnja 2021. godine \u0107e se odr\u017eavati:<\/p>\n<p>&#8211; za u\u010denike od 1. do 3. razreda osnovne glazbene \u0161kole nastavlja se odr\u017eavati <em><strong>redovito i u\u017eivo<\/strong><\/em> uz pridr\u017eavanje epidemiolo\u0161kih mjera (socijalna distanca, maske za sve u\u010denike i djelatnike te sve osobe koje ulaze u \u0161kolski prostor), uz izuzetak u\u010denika koji se nalaze u samoizolaciji\/karanteni (model A)<\/p>\n<p>&#8211; za u\u010denike od 4. do 6. razreda osnovne glazbene \u0161kola nastava \u0107e se odr\u017eavati <em><strong>online<\/strong>\u00a0<\/em>(model C)<\/p>\n<p>\u2022 Nastava u Podru\u010dnom odjelu u Lepoglavi od 29. o\u017eujka 2021. do 1. travnja 2021. godine \u0107e se odr\u017eavati:<\/p>\n<p>&#8211; za u\u010denike od 1. do 3. razreda osnovne glazbene \u0161kole nastavlja se odr\u017eavati <em><strong>redovito i u\u017eivo<\/strong>\u00a0<\/em>uz pridr\u017eavanje epidemiolo\u0161kih mjera (socijalna distanca, maske za sve u\u010denike i djelatnike te sve osobe koje ulaze u \u0161kolski prostor), uz izuzetak u\u010denika koji se nalaze u samoizolaciji\/karanteni (model A)<\/p>\n<p>&#8211; za u\u010denike od 4. do 6. razreda osnovne glazbene \u0161kola nastava \u0107e se odr\u017eavati <em><strong>online<\/strong><\/em> (model C)<\/p>\n<p>Nastava u Podru\u010dnom odjelu u Vara\u017edinskim Toplicama nastavlja se odr\u017eavati <em><strong>redovito i u\u017eivo<\/strong><\/em>\u00a0od 29. o\u017eujka 2021. do 1. travnja 2021. godine (model A) uz pridr\u017eavanje epidemiolo\u0161kih mjera (socijalna distanca, maske za sve u\u010denike i djelatnike te sve osobe koje ulaze u \u0161kolski prostor), uz izuzetak u\u010denika koji se nalaze u samoizolaciji\/karanteni.<\/p>\n<p><strong>PRIPREMNO OBRAZOVANJE I SREDNJA GLAZBENA \u0160KOLA<\/strong><\/p>\n<p>Nastava za u\u010denike pripremnog obrazovanja (individualna nastava i grupna teorijska nastava) od 29. o\u017eujka do 1. travnja 2021. godine \u0107e se odr\u017eavati <em><strong>online<\/strong><\/em> (model C).<\/p>\n<p>Nastava za u\u010denike srednje glazbene \u0161kole (svi razredi srednje glazbene \u0161kole) iz op\u0107eobrazovnih predmeta (A razredi), grupnih teorijskih predmeta (A i B razredi) i individualne nastave (A i B razredi) \u0107e se odr\u017eavati <em><strong>online<\/strong><\/em> (model C) od 29. o\u017eujka 2021. do 1. travnja 2021. prema dogovoru s predmetnim nastavnicima.<\/p>\n<p>Nastava skupnog muziciranja (zborovi, orkestri), komorna glazba, kompjutorska notografija, literarna grupa, osnove jazza, jazz orkestar, orkestralne dionice i vokalna popularna glazba \u0107e se odvijati <em><strong>online<\/strong><\/em> (model C) prema dogovoru s predmetnim nastavnicima.<\/p>\n<p><a href=\"https:\/\/glazbena.hr\/wp-content\/uploads\/2021\/03\/Odluka-o-promjeni-organizacije-nastave-od-29.-ozujka-do-1.-travnja-2021.-godine.pdf\">Odluka o promjeni organizacije nastave od 29. o\u017eujka do 1. travnja 2021. godine<\/a><\/p>\n","protected":false},"excerpt":{"rendered":"<p>PRED\u0160KOLSKI PROGRAM (model A) Od 29. o\u017eujka do 1. travnja 2021. godine pred\u0161kolski programi (Po\u010detni\u010dki solfeggio, Pred\u0161kolski zbor, Mala \u0161kola blok-flaute, Mala \u0161kola violine) \u0107e se odr\u017eavati redovno i u\u017eivo uz pridr\u017eavanje epidemiolo\u0161kih mjera prema dogovorenom rasporedu s predmetnim nastavnikom. OSNOVNA GLAZBENA \u0160KOLA \u2013 GLAZBENA \u0160KOLA U VARA\u017dDINU Od 29. o\u017eujka 2021. do 1. travnja [&hellip;]<\/p>\n","protected":false},"author":5,"featured_media":0,"comment_status":"closed","ping_status":"closed","sticky":false,"template":"","format":"standard","meta":{"footnotes":""},"categories":[67,76],"tags":[],"class_list":["post-7844","post","type-post","status-publish","format-standard","hentry","category-informacije","category-za-ucenike"],"translation":{"provider":"WPGlobus","version":"3.0.0","language":"gb","enabled_languages":["hr","gb"],"languages":{"hr":{"title":true,"content":true,"excerpt":false},"gb":{"title":false,"content":false,"excerpt":false}}},"_links":{"self":[{"href":"https:\/\/glazbena.hr\/gb\/wp-json\/wp\/v2\/posts\/7844","targetHints":{"allow":["GET"]}}],"collection":[{"href":"https:\/\/glazbena.hr\/gb\/wp-json\/wp\/v2\/posts"}],"about":[{"href":"https:\/\/glazbena.hr\/gb\/wp-json\/wp\/v2\/types\/post"}],"author":[{"embeddable":true,"href":"https:\/\/glazbena.hr\/gb\/wp-json\/wp\/v2\/users\/5"}],"replies":[{"embeddable":true,"href":"https:\/\/glazbena.hr\/gb\/wp-json\/wp\/v2\/comments?post=7844"}],"version-history":[{"count":2,"href":"https:\/\/glazbena.hr\/gb\/wp-json\/wp\/v2\/posts\/7844\/revisions"}],"predecessor-version":[{"id":7847,"href":"https:\/\/glazbena.hr\/gb\/wp-json\/wp\/v2\/posts\/7844\/revisions\/7847"}],"wp:attachment":[{"href":"https:\/\/glazbena.hr\/gb\/wp-json\/wp\/v2\/media?parent=7844"}],"wp:term":[{"taxonomy":"category","embeddable":true,"href":"https:\/\/glazbena.hr\/gb\/wp-json\/wp\/v2\/categories?post=7844"},{"taxonomy":"post_tag","embeddable":true,"href":"https:\/\/glazbena.hr\/gb\/wp-json\/wp\/v2\/tags?post=7844"}],"curies":[{"name":"wp","href":"https:\/\/api.w.org\/{rel}","templated":true}]}}