{"id":7874,"date":"2019-06-13T13:56:56","date_gmt":"2019-06-13T11:56:56","guid":{"rendered":"https:\/\/glazbena.hr\/?p=7874"},"modified":"2021-03-29T14:25:12","modified_gmt":"2021-03-29T12:25:12","slug":"predstavljanje-glazbene-skole-u-varazdinu","status":"publish","type":"post","link":"https:\/\/glazbena.hr\/gb\/activity\/predstavljanje-glazbene-skole-u-varazdinu\/","title":{"rendered":"Predstavljanje Glazbene \u0161kole u Vara\u017edinu"},"content":{"rendered":"<p>U ponedjeljak i utorak, 10. i 11. lipnja 2019. godine na\u0161i su u\u010denici krenuli na turneju predstavljanja instrumenata te su posjetili osnovne \u0161kole u Bednji, Lepoglavi, Kamenici, \u017darovnici i Vi\u0161njici s ciljem upoznavanja u\u010denika s instrumentima kao \u0161to su tuba, truba, trombon, rog, gitara, harmonika i dr.<\/p>\n<p>Svi su se dobro zabavili, nadamo se i ne\u0161to nau\u010dili. Podsje\u0107amo da danas, 13. lipnja 2019. godine po\u010dinju audicije za upis u 1. razred osnovne glazbene \u0161kole u Vara\u017edinu, Lepoglavi, Ivancu, Cestici i Vara\u017edinskim Toplicama u razdoblju od 9 do 12 te od 16 do 19 sati.<\/p>\n<p><a href=\"https:\/\/glazbena.hr\/wp-content\/uploads\/2021\/03\/64324124_2222278031174296_5473549220155752448_o.jpg\"><img loading=\"lazy\" decoding=\"async\" class=\"alignnone size-medium wp-image-7878\" src=\"https:\/\/glazbena.hr\/wp-content\/uploads\/2021\/03\/64324124_2222278031174296_5473549220155752448_o-300x225.jpg\" alt=\"\" width=\"300\" height=\"225\" srcset=\"https:\/\/glazbena.hr\/wp-content\/uploads\/2021\/03\/64324124_2222278031174296_5473549220155752448_o-300x225.jpg 300w, https:\/\/glazbena.hr\/wp-content\/uploads\/2021\/03\/64324124_2222278031174296_5473549220155752448_o-1024x768.jpg 1024w, https:\/\/glazbena.hr\/wp-content\/uploads\/2021\/03\/64324124_2222278031174296_5473549220155752448_o-768x576.jpg 768w, https:\/\/glazbena.hr\/wp-content\/uploads\/2021\/03\/64324124_2222278031174296_5473549220155752448_o-1536x1152.jpg 1536w, https:\/\/glazbena.hr\/wp-content\/uploads\/2021\/03\/64324124_2222278031174296_5473549220155752448_o.jpg 2016w\" sizes=\"auto, (max-width: 300px) 100vw, 300px\" \/><\/a> <a href=\"https:\/\/glazbena.hr\/wp-content\/uploads\/2021\/03\/62525614_2222277694507663_2926678418726584320_o.jpg\"><img loading=\"lazy\" decoding=\"async\" class=\"alignnone size-medium wp-image-7879\" src=\"https:\/\/glazbena.hr\/wp-content\/uploads\/2021\/03\/62525614_2222277694507663_2926678418726584320_o-300x225.jpg\" alt=\"\" width=\"300\" height=\"225\" srcset=\"https:\/\/glazbena.hr\/wp-content\/uploads\/2021\/03\/62525614_2222277694507663_2926678418726584320_o-300x225.jpg 300w, https:\/\/glazbena.hr\/wp-content\/uploads\/2021\/03\/62525614_2222277694507663_2926678418726584320_o-1024x768.jpg 1024w, https:\/\/glazbena.hr\/wp-content\/uploads\/2021\/03\/62525614_2222277694507663_2926678418726584320_o-768x576.jpg 768w, https:\/\/glazbena.hr\/wp-content\/uploads\/2021\/03\/62525614_2222277694507663_2926678418726584320_o-1536x1152.jpg 1536w, https:\/\/glazbena.hr\/wp-content\/uploads\/2021\/03\/62525614_2222277694507663_2926678418726584320_o.jpg 2016w\" sizes=\"auto, (max-width: 300px) 100vw, 300px\" \/><\/a> <a href=\"https:\/\/glazbena.hr\/wp-content\/uploads\/2021\/03\/62359542_2222277107841055_3924764909203619840_o.jpg\"><img loading=\"lazy\" decoding=\"async\" class=\"alignnone size-medium wp-image-7880\" src=\"https:\/\/glazbena.hr\/wp-content\/uploads\/2021\/03\/62359542_2222277107841055_3924764909203619840_o-300x225.jpg\" alt=\"\" width=\"300\" height=\"225\" srcset=\"https:\/\/glazbena.hr\/wp-content\/uploads\/2021\/03\/62359542_2222277107841055_3924764909203619840_o-300x225.jpg 300w, https:\/\/glazbena.hr\/wp-content\/uploads\/2021\/03\/62359542_2222277107841055_3924764909203619840_o-1024x768.jpg 1024w, https:\/\/glazbena.hr\/wp-content\/uploads\/2021\/03\/62359542_2222277107841055_3924764909203619840_o-768x576.jpg 768w, https:\/\/glazbena.hr\/wp-content\/uploads\/2021\/03\/62359542_2222277107841055_3924764909203619840_o-1536x1152.jpg 1536w, https:\/\/glazbena.hr\/wp-content\/uploads\/2021\/03\/62359542_2222277107841055_3924764909203619840_o.jpg 2016w\" sizes=\"auto, (max-width: 300px) 100vw, 300px\" \/><\/a> <a href=\"https:\/\/glazbena.hr\/wp-content\/uploads\/2021\/03\/62323951_2222277157841050_8637272046499266560_o.jpg\"><img loading=\"lazy\" decoding=\"async\" class=\"alignnone size-medium wp-image-7881\" src=\"https:\/\/glazbena.hr\/wp-content\/uploads\/2021\/03\/62323951_2222277157841050_8637272046499266560_o-300x225.jpg\" alt=\"\" width=\"300\" height=\"225\" srcset=\"https:\/\/glazbena.hr\/wp-content\/uploads\/2021\/03\/62323951_2222277157841050_8637272046499266560_o-300x225.jpg 300w, https:\/\/glazbena.hr\/wp-content\/uploads\/2021\/03\/62323951_2222277157841050_8637272046499266560_o-1024x768.jpg 1024w, https:\/\/glazbena.hr\/wp-content\/uploads\/2021\/03\/62323951_2222277157841050_8637272046499266560_o-768x576.jpg 768w, https:\/\/glazbena.hr\/wp-content\/uploads\/2021\/03\/62323951_2222277157841050_8637272046499266560_o-1536x1152.jpg 1536w, https:\/\/glazbena.hr\/wp-content\/uploads\/2021\/03\/62323951_2222277157841050_8637272046499266560_o.jpg 2016w\" sizes=\"auto, (max-width: 300px) 100vw, 300px\" \/><\/a> <a href=\"https:\/\/glazbena.hr\/wp-content\/uploads\/2021\/03\/62305341_2222277437841022_6096703735914823680_o.jpg\"><img loading=\"lazy\" decoding=\"async\" class=\"alignnone size-medium wp-image-7882\" src=\"https:\/\/glazbena.hr\/wp-content\/uploads\/2021\/03\/62305341_2222277437841022_6096703735914823680_o-300x225.jpg\" alt=\"\" width=\"300\" height=\"225\" srcset=\"https:\/\/glazbena.hr\/wp-content\/uploads\/2021\/03\/62305341_2222277437841022_6096703735914823680_o-300x225.jpg 300w, https:\/\/glazbena.hr\/wp-content\/uploads\/2021\/03\/62305341_2222277437841022_6096703735914823680_o-1024x768.jpg 1024w, https:\/\/glazbena.hr\/wp-content\/uploads\/2021\/03\/62305341_2222277437841022_6096703735914823680_o-768x576.jpg 768w, https:\/\/glazbena.hr\/wp-content\/uploads\/2021\/03\/62305341_2222277437841022_6096703735914823680_o-1536x1152.jpg 1536w, https:\/\/glazbena.hr\/wp-content\/uploads\/2021\/03\/62305341_2222277437841022_6096703735914823680_o.jpg 2016w\" sizes=\"auto, (max-width: 300px) 100vw, 300px\" \/><\/a><\/p>\n","protected":false},"excerpt":{"rendered":"<p>U ponedjeljak i utorak, 10. i 11. lipnja 2019. godine na\u0161i su u\u010denici krenuli na turneju predstavljanja instrumenata te su posjetili osnovne \u0161kole u Bednji, Lepoglavi, Kamenici, \u017darovnici i Vi\u0161njici s ciljem upoznavanja u\u010denika s instrumentima kao \u0161to su tuba, truba, trombon, rog, gitara, harmonika i dr. Svi su se dobro zabavili, nadamo se i [&hellip;]<\/p>\n","protected":false},"author":5,"featured_media":0,"comment_status":"closed","ping_status":"closed","sticky":false,"template":"","format":"standard","meta":{"footnotes":""},"categories":[70],"tags":[],"class_list":["post-7874","post","type-post","status-publish","format-standard","hentry","category-aktivnosti"],"translation":{"provider":"WPGlobus","version":"3.0.0","language":"gb","enabled_languages":["hr","gb"],"languages":{"hr":{"title":true,"content":true,"excerpt":false},"gb":{"title":false,"content":false,"excerpt":false}}},"_links":{"self":[{"href":"https:\/\/glazbena.hr\/gb\/wp-json\/wp\/v2\/posts\/7874","targetHints":{"allow":["GET"]}}],"collection":[{"href":"https:\/\/glazbena.hr\/gb\/wp-json\/wp\/v2\/posts"}],"about":[{"href":"https:\/\/glazbena.hr\/gb\/wp-json\/wp\/v2\/types\/post"}],"author":[{"embeddable":true,"href":"https:\/\/glazbena.hr\/gb\/wp-json\/wp\/v2\/users\/5"}],"replies":[{"embeddable":true,"href":"https:\/\/glazbena.hr\/gb\/wp-json\/wp\/v2\/comments?post=7874"}],"version-history":[{"count":3,"href":"https:\/\/glazbena.hr\/gb\/wp-json\/wp\/v2\/posts\/7874\/revisions"}],"predecessor-version":[{"id":7884,"href":"https:\/\/glazbena.hr\/gb\/wp-json\/wp\/v2\/posts\/7874\/revisions\/7884"}],"wp:attachment":[{"href":"https:\/\/glazbena.hr\/gb\/wp-json\/wp\/v2\/media?parent=7874"}],"wp:term":[{"taxonomy":"category","embeddable":true,"href":"https:\/\/glazbena.hr\/gb\/wp-json\/wp\/v2\/categories?post=7874"},{"taxonomy":"post_tag","embeddable":true,"href":"https:\/\/glazbena.hr\/gb\/wp-json\/wp\/v2\/tags?post=7874"}],"curies":[{"name":"wp","href":"https:\/\/api.w.org\/{rel}","templated":true}]}}